{"id":7479,"date":"2016-05-30T13:08:57","date_gmt":"2016-05-30T11:08:57","guid":{"rendered":"http:\/\/www.galoppbilder.se\/blogg\/?p=7479"},"modified":"2016-05-30T13:22:50","modified_gmt":"2016-05-30T11:22:50","slug":"forsommarens-manga-publikfester","status":"publish","type":"post","link":"http:\/\/www.galoppbilder.se\/blogg\/?p=7479","title":{"rendered":"F\u00f6rsommarens m\u00e5nga publikfester"},"content":{"rendered":"<p><strong>Ett par veckor har g\u00e5tt sedan jag skrev n\u00e5got p\u00e5 bloggen. Sedan dess har det arrangerats ett par riktigt trevliga publikfester p\u00e5 landets galoppbanor.<\/strong><\/p>\n<p><img loading=\"lazy\" decoding=\"async\" class=\"alignnone size-full wp-image-7480\" src=\"http:\/\/www.galoppbilder.se\/blogg\/wp-content\/uploads\/2016\/05\/final-taby-5995.jpg\" alt=\"Final T\u00e4by Galopp\" width=\"800\" height=\"544\" srcset=\"http:\/\/www.galoppbilder.se\/blogg\/wp-content\/uploads\/2016\/05\/final-taby-5995.jpg 800w, http:\/\/www.galoppbilder.se\/blogg\/wp-content\/uploads\/2016\/05\/final-taby-5995-300x204.jpg 300w, http:\/\/www.galoppbilder.se\/blogg\/wp-content\/uploads\/2016\/05\/final-taby-5995-768x522.jpg 768w\" sizes=\"auto, (max-width: 709px) 85vw, (max-width: 909px) 67vw, (max-width: 984px) 61vw, (max-width: 1362px) 45vw, 600px\" \/><\/p>\n<p>Jag \u00e4r riktigt glad \u00f6ver att jag fick arbeta den allra sista t\u00e4vlingsdagen p\u00e5 T\u00e4by Galopp. Minnet fr\u00e5n denna finna f\u00f6rsommarkv\u00e4ll \u00e4r n\u00e4stan uteslutande positivt. Fantastiskt kul att n\u00e4rmare 3\u00a0800 personer f\u00f6ljde t\u00e4vlingarna p\u00e5 plats. Vi m\u00e5ste nog g\u00e5 tillbaka m\u00e5nga \u00e5r f\u00f6r att hitta en motsvarande publiksiffra p\u00e5 T\u00e4by Galopp. En spontan undran: Var har alla dessa m\u00e4nniskor h\u00e5llit hus de senaste tio \u00e5ren? Med r\u00e4tt f\u00f6ruts\u00e4ttningar g\u00e5r det tydligen fortfarande att locka folk till banorna. Vi borde helt enkelt arrangera finaldagar lite oftare\u2026<\/p>\n<p>Smolket i b\u00e4garen var naturligtvis att historiens sista hinderl\u00f6pningar p\u00e5 T\u00e4by inte kunde ridas p\u00e5 grund av otj\u00e4nlig bana. Den h\u00e4r g\u00e5ngen led jag verkligen med hinderv\u00e4nnerna. Att banorna inte kunnat st\u00e4llas i ordning en allra sista g\u00e5ng, i synnerhet n\u00e4r det inte finns n\u00e5gon ny hinderbana p\u00e5 Bro, \u00e4r bara sorgligt. Men med detta sagt m\u00e5ste banveterin\u00e4rens beslut respekteras. Att tjafsa emot \u00e4r snudd p\u00e5 d\u00e5ligt sportmanship.<\/p>\n<p><img loading=\"lazy\" decoding=\"async\" class=\"alignnone size-full wp-image-7481\" src=\"http:\/\/www.galoppbilder.se\/blogg\/wp-content\/uploads\/2016\/05\/panetoz-6206.jpg\" alt=\"panetoz-6206\" width=\"800\" height=\"542\" srcset=\"http:\/\/www.galoppbilder.se\/blogg\/wp-content\/uploads\/2016\/05\/panetoz-6206.jpg 800w, http:\/\/www.galoppbilder.se\/blogg\/wp-content\/uploads\/2016\/05\/panetoz-6206-300x203.jpg 300w, http:\/\/www.galoppbilder.se\/blogg\/wp-content\/uploads\/2016\/05\/panetoz-6206-768x520.jpg 768w\" sizes=\"auto, (max-width: 709px) 85vw, (max-width: 909px) 67vw, (max-width: 984px) 61vw, (max-width: 1362px) 45vw, 600px\" \/><\/p>\n<p>Fr\u00e5n en publikfest till en annan. 4\u00a0420 personer bes\u00f6kte s\u00e4songspremi\u00e4ren p\u00e5 G\u00f6teborg Galopp. En siffra som v\u00e4l mer eller mindre \u00f6vertr\u00e4ffade allas f\u00f6rv\u00e4ntningar? Panetoz, Lollo och Bernie, hoppborgarna och ansiktsm\u00e5lningen var naturligtvis de stora publikmagneterna. Tyv\u00e4rr \u00e4r det bara att konstatera att n\u00e4r enbart h\u00e4stkappl\u00f6pningar st\u00e5r p\u00e5 menyn kommer endast 800. Att locka \u00e5sk\u00e5dare till &#8221;vanliga&#8221;\u00a0dagar \u00e4r galoppsportens riktiga utmaning!<\/p>\n<p>Ytterligare ett antal st\u00f6rre t\u00e4vlingsdagar st\u00e5r f\u00f6r d\u00f6rren. Redan p\u00e5 onsdag \u00e4r det smygpremi\u00e4r p\u00e5 nya Bro Park. Trots att huvudl\u00e4ktaren inte \u00e4r helt klar tror jag att ganska m\u00e5nga kommer att s\u00f6ka sig ut till banan denna testdag. Dock inte undertecknad. Jag sitter hemma i Sk\u00e5ne och bevakar t\u00e4vlingarna fr\u00e5n datorn.<\/p>\n<p>P\u00e5 m\u00e5ndag, Nationaldagen den 6 juni, kommer jag d\u00e4remot att vara p\u00e5 plats. Om solen skiner \u00e4r en publiksiffra under 30\u00a0000 en besvikelse. Jag har alltid tyckt att Nationaldagst\u00e4vlingarna \u00e4r ett trevligt arrangemang och ett n\u00e4rmast optimalt s\u00e4tt f\u00f6r sporten att m\u00f6ta en ny publik. Om det sedan kostar mer \u00e4n vad det smakar \u00e4r en annan femma.<\/p>\n<p>Fem dagar senare, den 11 juni, \u00e4r det traditionella t\u00e4vlingar p\u00e5 Str\u00f6msholm med Svenskt Grand National som russinet i kakan. Anm\u00e4lningarna l\u00e4r vara b\u00e4ttre \u00e4n p\u00e5 m\u00e5nga \u00e5r. Med begr\u00e4nsade resurser &#8211; inte minst i f\u00f6rh\u00e5llande till Nationaldagsgaloppen &#8211; och med huvudsakligen ideella krafter har Grand National-kommitt\u00e9n en f\u00f6rm\u00e5ga att \u00e5r efter \u00e5r f\u00e5 till str\u00e5lande arrangemang. S\u00e5 l\u00e4nge v\u00e4drets makter visar sin trevliga sida betvivlar jag inte att det blir minst lika bra i \u00e5r.<\/p>\n<p>Den 18 juni, dagen f\u00f6re den stora invigningen p\u00e5 Bro Park, \u00e4r det \u00e5rsst\u00e4mma i Svensk Galopp. Att det kommer att bli stora f\u00f6r\u00e4ndringar (kanske lite v\u00e4l stora) i styrelsen \u00e4r helt klart. Hela fyra av sju ledam\u00f6ter, ordf\u00f6rande inkluderad, kommer att bytas ut. Tv\u00e5 av de nya namnen k\u00e4nner jag till sedan tidigare. De \u00f6vriga \u00e4r \u00e5tminstone f\u00f6r mig helt obekanta.<\/p>\n","protected":false},"excerpt":{"rendered":"<p>Ett par veckor har g\u00e5tt sedan jag skrev n\u00e5got p\u00e5 bloggen. Sedan dess har det arrangerats ett par riktigt trevliga publikfester p\u00e5 landets galoppbanor. Jag \u00e4r riktigt glad \u00f6ver att jag fick arbeta den allra sista t\u00e4vlingsdagen p\u00e5 T\u00e4by Galopp. Minnet fr\u00e5n denna finna f\u00f6rsommarkv\u00e4ll \u00e4r n\u00e4stan uteslutande positivt. Fantastiskt kul att n\u00e4rmare 3\u00a0800 personer &hellip; <a href=\"http:\/\/www.galoppbilder.se\/blogg\/?p=7479\" class=\"more-link\">Forts\u00e4tt l\u00e4sa<span class=\"screen-reader-text\"> \u201dF\u00f6rsommarens m\u00e5nga publikfester\u201d<\/span><\/a><\/p>\n","protected":false},"author":5,"featured_media":0,"comment_status":"open","ping_status":"closed","sticky":false,"template":"","format":"standard","meta":{"ngg_post_thumbnail":0,"footnotes":""},"categories":[5],"tags":[123,112,76,15],"class_list":["post-7479","post","type-post","status-publish","format-standard","hentry","category-smatt-och-gott","tag-bropark","tag-djurgarden","tag-stromsholm","tag-taby"],"aioseo_notices":[],"_links":{"self":[{"href":"http:\/\/www.galoppbilder.se\/blogg\/index.php?rest_route=\/wp\/v2\/posts\/7479","targetHints":{"allow":["GET"]}}],"collection":[{"href":"http:\/\/www.galoppbilder.se\/blogg\/index.php?rest_route=\/wp\/v2\/posts"}],"about":[{"href":"http:\/\/www.galoppbilder.se\/blogg\/index.php?rest_route=\/wp\/v2\/types\/post"}],"author":[{"embeddable":true,"href":"http:\/\/www.galoppbilder.se\/blogg\/index.php?rest_route=\/wp\/v2\/users\/5"}],"replies":[{"embeddable":true,"href":"http:\/\/www.galoppbilder.se\/blogg\/index.php?rest_route=%2Fwp%2Fv2%2Fcomments&post=7479"}],"version-history":[{"count":3,"href":"http:\/\/www.galoppbilder.se\/blogg\/index.php?rest_route=\/wp\/v2\/posts\/7479\/revisions"}],"predecessor-version":[{"id":7484,"href":"http:\/\/www.galoppbilder.se\/blogg\/index.php?rest_route=\/wp\/v2\/posts\/7479\/revisions\/7484"}],"wp:attachment":[{"href":"http:\/\/www.galoppbilder.se\/blogg\/index.php?rest_route=%2Fwp%2Fv2%2Fmedia&parent=7479"}],"wp:term":[{"taxonomy":"category","embeddable":true,"href":"http:\/\/www.galoppbilder.se\/blogg\/index.php?rest_route=%2Fwp%2Fv2%2Fcategories&post=7479"},{"taxonomy":"post_tag","embeddable":true,"href":"http:\/\/www.galoppbilder.se\/blogg\/index.php?rest_route=%2Fwp%2Fv2%2Ftags&post=7479"}],"curies":[{"name":"wp","href":"https:\/\/api.w.org\/{rel}","templated":true}]}}