{"id":7485,"date":"2016-06-02T10:59:36","date_gmt":"2016-06-02T08:59:36","guid":{"rendered":"http:\/\/www.galoppbilder.se\/blogg\/?p=7485"},"modified":"2016-06-02T10:59:36","modified_gmt":"2016-06-02T08:59:36","slug":"nagra-reflektioner-fran-smygpremiaren-pa-bro-park","status":"publish","type":"post","link":"http:\/\/www.galoppbilder.se\/blogg\/?p=7485","title":{"rendered":"N\u00e5gra reflektioner fr\u00e5n smygpremi\u00e4ren p\u00e5 Bro Park"},"content":{"rendered":"<p>Ig\u00e5r var det smygpremi\u00e4r p\u00e5 nya Bro Park. Har ni f\u00f6rresten funderat p\u00e5 att banans namn inte avsl\u00f6jar vilken verksamhet som bedrivs p\u00e5 platsen? I motsats till J\u00e4gersro Galopp, T\u00e4by Galopp och G\u00f6teborg Galopp. \u00c4r det bra eller d\u00e5ligt?<\/p>\n<p>Hur som helst. Alla vi som f\u00f6ljde t\u00e4vlingsdagen fr\u00e5n lives\u00e4ndningen fick nog inte s\u00e5 m\u00e5nga intryck med oss. F\u00f6r m\u00e5nga var det s\u00e4kert en besvikelse. Allt vi fick se var loppen och resten av tiden en vy \u00f6ver banan. D\u00e4rf\u00f6r blev ocks\u00e5 mitt referat p\u00e5 SGs hemsida ett rent t\u00e4vlingsreferat. Alla andra intryck och reflektioner fick jag tyv\u00e4rr l\u00e4mna d\u00e4rh\u00e4n.<\/p>\n<p>Fr\u00e5n kameran p\u00e5 l\u00e4ktaren s\u00e5g det ut att vara v\u00e4ldigt f\u00e5 personer p\u00e5 plats. Men vad jag senare p\u00e5 kv\u00e4llen fick se via bilder som folk tagit var det en v\u00e4ldigt missvisande bild. SG anger ingen publiksiffra i resultatet och f\u00f6rmodligen var det ingen som r\u00e4knade.<\/p>\n<p>Nu var det kanske en medveten strategi att inte visa upp f\u00f6r mycket av anl\u00e4ggningen i s\u00e4ndningen. Det var ju trots allt en testdag. F\u00f6rhoppningsvis blir allt mycket b\u00e4ttre den 19 juni d\u00e5 det \u00e4r riktig premi\u00e4r. Och d\u00e5 kommer jag att vara p\u00e5 plats.<\/p>\n<p>Sj\u00e4lv har jag inte satt min fot p\u00e5 Bro Park sedan december 2012. P\u00e5 den tiden hette platsen\u00a0\u00d6nsta G\u00e5rd. D\u00e5 l\u00e5g det ca 20 cm sn\u00f6 p\u00e5 \u00e5krarna runt herrg\u00e5rden. D\u00e4refter sade SG upp avtalet med mig och n\u00e5gra fler bes\u00f6k blev liksom inte aktuella. Det kommer att bli sp\u00e4nnande att \u00e5terv\u00e4nda n\u00e4r allt \u00e4r klart. Men den 19 juni \u00e4r antagligen helt fel dag att studera anl\u00e4ggningen mer i detalj.<\/p>\n","protected":false},"excerpt":{"rendered":"<p>Ig\u00e5r var det smygpremi\u00e4r p\u00e5 nya Bro Park. Har ni f\u00f6rresten funderat p\u00e5 att banans namn inte avsl\u00f6jar vilken verksamhet som bedrivs p\u00e5 platsen? I motsats till J\u00e4gersro Galopp, T\u00e4by Galopp och G\u00f6teborg Galopp. \u00c4r det bra eller d\u00e5ligt? Hur som helst. Alla vi som f\u00f6ljde t\u00e4vlingsdagen fr\u00e5n lives\u00e4ndningen fick nog inte s\u00e5 m\u00e5nga intryck &hellip; <a href=\"http:\/\/www.galoppbilder.se\/blogg\/?p=7485\" class=\"more-link\">Forts\u00e4tt l\u00e4sa<span class=\"screen-reader-text\"> \u201dN\u00e5gra reflektioner fr\u00e5n smygpremi\u00e4ren p\u00e5 Bro Park\u201d<\/span><\/a><\/p>\n","protected":false},"author":5,"featured_media":0,"comment_status":"open","ping_status":"closed","sticky":false,"template":"","format":"standard","meta":{"ngg_post_thumbnail":0,"footnotes":""},"categories":[5],"tags":[123],"class_list":["post-7485","post","type-post","status-publish","format-standard","hentry","category-smatt-och-gott","tag-bropark"],"aioseo_notices":[],"_links":{"self":[{"href":"http:\/\/www.galoppbilder.se\/blogg\/index.php?rest_route=\/wp\/v2\/posts\/7485","targetHints":{"allow":["GET"]}}],"collection":[{"href":"http:\/\/www.galoppbilder.se\/blogg\/index.php?rest_route=\/wp\/v2\/posts"}],"about":[{"href":"http:\/\/www.galoppbilder.se\/blogg\/index.php?rest_route=\/wp\/v2\/types\/post"}],"author":[{"embeddable":true,"href":"http:\/\/www.galoppbilder.se\/blogg\/index.php?rest_route=\/wp\/v2\/users\/5"}],"replies":[{"embeddable":true,"href":"http:\/\/www.galoppbilder.se\/blogg\/index.php?rest_route=%2Fwp%2Fv2%2Fcomments&post=7485"}],"version-history":[{"count":1,"href":"http:\/\/www.galoppbilder.se\/blogg\/index.php?rest_route=\/wp\/v2\/posts\/7485\/revisions"}],"predecessor-version":[{"id":7486,"href":"http:\/\/www.galoppbilder.se\/blogg\/index.php?rest_route=\/wp\/v2\/posts\/7485\/revisions\/7486"}],"wp:attachment":[{"href":"http:\/\/www.galoppbilder.se\/blogg\/index.php?rest_route=%2Fwp%2Fv2%2Fmedia&parent=7485"}],"wp:term":[{"taxonomy":"category","embeddable":true,"href":"http:\/\/www.galoppbilder.se\/blogg\/index.php?rest_route=%2Fwp%2Fv2%2Fcategories&post=7485"},{"taxonomy":"post_tag","embeddable":true,"href":"http:\/\/www.galoppbilder.se\/blogg\/index.php?rest_route=%2Fwp%2Fv2%2Ftags&post=7485"}],"curies":[{"name":"wp","href":"https:\/\/api.w.org\/{rel}","templated":true}]}}