{"id":7605,"date":"2017-06-09T13:30:40","date_gmt":"2017-06-09T11:30:40","guid":{"rendered":"http:\/\/www.galoppbilder.se\/blogg\/?p=7605"},"modified":"2017-06-09T13:54:08","modified_gmt":"2017-06-09T11:54:08","slug":"video-nationaldagsgaloppen-2017","status":"publish","type":"post","link":"http:\/\/www.galoppbilder.se\/blogg\/?p=7605","title":{"rendered":"Video: Nationaldagsgaloppen 2017"},"content":{"rendered":"<p>Tidigare i veckan arrangerades \u00e4nnu en Nationaldagsgalopp p\u00e5 G\u00e4rdet i Stockholm. En festlig tradition som bara tycks bli mer popul\u00e4r f\u00f6r varje \u00e5r.<\/p>\n<p>Okej, det ska erk\u00e4nnas att arrangemang som detta \u00e4r extremt v\u00e4derberoende. Nationaldagen 2017 bj\u00f6d p\u00e5 sol och en temperatur runt 20 grader. B\u00e4ttre \u00e4n s\u00e5 kan det knappast bli.<\/p>\n<p>Nationaldagsgaloppen har sedan l\u00e4nge delat in sporten i tv\u00e5 l\u00e4ger. Vissa tycker att detta \u00e4r en fantastisk publikfest och ett utm\u00e4rkt s\u00e4tt att visa upp galoppsporten f\u00f6r helt nya m\u00e4nniskor. Andra h\u00e4vdar att den kostar alldeles f\u00f6r mycket pengar och att den \u00e4nd\u00e5 inte drar n\u00e5gon ny publik till de permanenta banorna.<\/p>\n<p>\u00c4ven om jag nog tillh\u00f6r den f\u00f6rsta h\u00e4lften har jag respekt f\u00f6r alla st\u00e5ndpunkter. Jag ser g\u00e4rna att Nationaldagsgaloppen blir en tradition som forts\u00e4tter m\u00e5nga \u00e5r fram\u00f6ver. F\u00f6r n\u00e4r man st\u00e5r d\u00e4r mitt i publikhavet p\u00e5 G\u00e4rdet \u00e4r det l\u00e4tt att inse att detta \u00e4r ett arrangemang som helt saknar motstycke i den skandinaviska galoppsporten.<\/p>\n<p>Att r\u00e4kna antalet bes\u00f6kare \u00e4r i stort sett om\u00f6jligt, men jag har nog aldrig sett s\u00e5 m\u00e5nga m\u00e4nniskor p\u00e5 G\u00e4rdet som just i \u00e5r. Samtidigt g\u00e5r det inte att komma ifr\u00e5n att dessa m\u00e4nniskor aldrig kommer att ta pendelt\u00e5get ut till Bro Park. S\u00e5 h\u00e4r l\u00e5ngt har vi i vilket fall inte sett n\u00e5gra som helst tecken p\u00e5 det. D\u00e4r har sporten ett  problem och en enorm utmaning.<\/p>\n<p>Oavsett vilket. Vid sidan om alla stillbilder jag tog den h\u00e4r dagen passade jag \u00e4ven p\u00e5 att g\u00f6ra n\u00e5gra snabba videosvep. Synd att det \u00e4r s\u00e5 sv\u00e5rt att fotografera stillbild och filma samtidigt. Annars hade det varit l\u00e4tt att g\u00f6ra en riktigt cool och lite l\u00e4ngre film fr\u00e5n den h\u00e4r dagen. Men ni f\u00e5r n\u00f6ja er med det n\u00e5got mer blygsamma hopkoket nedan.<\/p>\n<p><iframe loading=\"lazy\" src=\"https:\/\/www.youtube.com\/embed\/ge5BtkiZw1A?rel=0&amp;showinfo=0\" width=\"640\" height=\"360\" frameborder=\"0\" allowfullscreen=\"allowfullscreen\"><\/iframe><\/p>\n","protected":false},"excerpt":{"rendered":"<p>Tidigare i veckan arrangerades \u00e4nnu en Nationaldagsgalopp p\u00e5 G\u00e4rdet i Stockholm. En festlig tradition som bara tycks bli mer popul\u00e4r f\u00f6r varje \u00e5r. Okej, det ska erk\u00e4nnas att arrangemang som detta \u00e4r extremt v\u00e4derberoende. Nationaldagen 2017 bj\u00f6d p\u00e5 sol och en temperatur runt 20 grader. B\u00e4ttre \u00e4n s\u00e5 kan det knappast bli. Nationaldagsgaloppen har sedan &hellip; <a href=\"http:\/\/www.galoppbilder.se\/blogg\/?p=7605\" class=\"more-link\">Forts\u00e4tt l\u00e4sa<span class=\"screen-reader-text\"> \u201dVideo: Nationaldagsgaloppen 2017\u201d<\/span><\/a><\/p>\n","protected":false},"author":5,"featured_media":7610,"comment_status":"closed","ping_status":"closed","sticky":false,"template":"","format":"standard","meta":{"ngg_post_thumbnail":0,"footnotes":""},"categories":[5],"tags":[120,77],"class_list":["post-7605","post","type-post","status-publish","format-standard","has-post-thumbnail","hentry","category-smatt-och-gott","tag-nationaldagsgaloppen","tag-videoklipp"],"aioseo_notices":[],"_links":{"self":[{"href":"http:\/\/www.galoppbilder.se\/blogg\/index.php?rest_route=\/wp\/v2\/posts\/7605","targetHints":{"allow":["GET"]}}],"collection":[{"href":"http:\/\/www.galoppbilder.se\/blogg\/index.php?rest_route=\/wp\/v2\/posts"}],"about":[{"href":"http:\/\/www.galoppbilder.se\/blogg\/index.php?rest_route=\/wp\/v2\/types\/post"}],"author":[{"embeddable":true,"href":"http:\/\/www.galoppbilder.se\/blogg\/index.php?rest_route=\/wp\/v2\/users\/5"}],"replies":[{"embeddable":true,"href":"http:\/\/www.galoppbilder.se\/blogg\/index.php?rest_route=%2Fwp%2Fv2%2Fcomments&post=7605"}],"version-history":[{"count":7,"href":"http:\/\/www.galoppbilder.se\/blogg\/index.php?rest_route=\/wp\/v2\/posts\/7605\/revisions"}],"predecessor-version":[{"id":7613,"href":"http:\/\/www.galoppbilder.se\/blogg\/index.php?rest_route=\/wp\/v2\/posts\/7605\/revisions\/7613"}],"wp:featuredmedia":[{"embeddable":true,"href":"http:\/\/www.galoppbilder.se\/blogg\/index.php?rest_route=\/wp\/v2\/media\/7610"}],"wp:attachment":[{"href":"http:\/\/www.galoppbilder.se\/blogg\/index.php?rest_route=%2Fwp%2Fv2%2Fmedia&parent=7605"}],"wp:term":[{"taxonomy":"category","embeddable":true,"href":"http:\/\/www.galoppbilder.se\/blogg\/index.php?rest_route=%2Fwp%2Fv2%2Fcategories&post=7605"},{"taxonomy":"post_tag","embeddable":true,"href":"http:\/\/www.galoppbilder.se\/blogg\/index.php?rest_route=%2Fwp%2Fv2%2Ftags&post=7605"}],"curies":[{"name":"wp","href":"https:\/\/api.w.org\/{rel}","templated":true}]}}