{"id":7672,"date":"2018-03-03T21:42:57","date_gmt":"2018-03-03T20:42:57","guid":{"rendered":"http:\/\/www.galoppbilder.se\/blogg\/?p=7672"},"modified":"2018-03-03T21:44:41","modified_gmt":"2018-03-03T20:44:41","slug":"video-fran-skanska-faltrittklubbens-stallrunda-hos-kvarnby-tranarna","status":"publish","type":"post","link":"http:\/\/www.galoppbilder.se\/blogg\/?p=7672","title":{"rendered":"Video fr\u00e5n Sk\u00e5nska F\u00e4ltrittklubbens stallrunda hos Kvarnby-tr\u00e4narna"},"content":{"rendered":"<p><strong>Ett 20-tal galoppentusiaster trotsade sn\u00f6 och kyla n\u00e4r Sk\u00e5nska F\u00e4ltrittklubben arrangerade den f\u00f6rsta av f\u00f6rs\u00e4songens tv\u00e5 stallrundor p\u00e5 l\u00f6rdagen. <\/strong><\/p>\n<p>Stallrundan var f\u00f6rlagd till Kvarnby strax \u00f6ster om J\u00e4gersro d\u00e4r Ricardo Ramallo, Jan-Erik Pettersson och fr\u00e5n och med i \u00e5r \u00e4ven Pia H\u00f6iom har sina tr\u00e4ningscamper. <\/p>\n<p><iframe loading=\"lazy\" src=\"https:\/\/www.youtube.com\/embed\/LE-nIcC-6-E\" width=\"640\" height=\"340\" frameborder=\"0\" allowfullscreen=\"allowfullscreen\">&lt;span data-mce-type=&#8221;bookmark&#8221; style=&#8221;display: inline-block; width: 0px; overflow: hidden; line-height: 0;&#8221; class=&#8221;mce_SELRES_start&#8221;&gt;\ufeff&lt;\/span&gt;<\/iframe><\/p>\n","protected":false},"excerpt":{"rendered":"<p>Ett 20-tal galoppentusiaster trotsade sn\u00f6 och kyla n\u00e4r Sk\u00e5nska F\u00e4ltrittklubben arrangerade den f\u00f6rsta av f\u00f6rs\u00e4songens tv\u00e5 stallrundor p\u00e5 l\u00f6rdagen. Stallrundan var f\u00f6rlagd till Kvarnby strax \u00f6ster om J\u00e4gersro d\u00e4r Ricardo Ramallo, Jan-Erik Pettersson och fr\u00e5n och med i \u00e5r \u00e4ven Pia H\u00f6iom har sina tr\u00e4ningscamper. &lt;span data-mce-type=&#8221;bookmark&#8221; style=&#8221;display: inline-block; width: 0px; overflow: hidden; line-height: 0;&#8221; &hellip; <a href=\"http:\/\/www.galoppbilder.se\/blogg\/?p=7672\" class=\"more-link\">Forts\u00e4tt l\u00e4sa<span class=\"screen-reader-text\"> \u201dVideo fr\u00e5n Sk\u00e5nska F\u00e4ltrittklubbens stallrunda hos Kvarnby-tr\u00e4narna\u201d<\/span><\/a><\/p>\n","protected":false},"author":5,"featured_media":0,"comment_status":"closed","ping_status":"closed","sticky":false,"template":"","format":"standard","meta":{"ngg_post_thumbnail":0,"footnotes":""},"categories":[1],"tags":[77],"class_list":["post-7672","post","type-post","status-publish","format-standard","hentry","category-diverse","tag-videoklipp"],"aioseo_notices":[],"_links":{"self":[{"href":"http:\/\/www.galoppbilder.se\/blogg\/index.php?rest_route=\/wp\/v2\/posts\/7672","targetHints":{"allow":["GET"]}}],"collection":[{"href":"http:\/\/www.galoppbilder.se\/blogg\/index.php?rest_route=\/wp\/v2\/posts"}],"about":[{"href":"http:\/\/www.galoppbilder.se\/blogg\/index.php?rest_route=\/wp\/v2\/types\/post"}],"author":[{"embeddable":true,"href":"http:\/\/www.galoppbilder.se\/blogg\/index.php?rest_route=\/wp\/v2\/users\/5"}],"replies":[{"embeddable":true,"href":"http:\/\/www.galoppbilder.se\/blogg\/index.php?rest_route=%2Fwp%2Fv2%2Fcomments&post=7672"}],"version-history":[{"count":3,"href":"http:\/\/www.galoppbilder.se\/blogg\/index.php?rest_route=\/wp\/v2\/posts\/7672\/revisions"}],"predecessor-version":[{"id":7675,"href":"http:\/\/www.galoppbilder.se\/blogg\/index.php?rest_route=\/wp\/v2\/posts\/7672\/revisions\/7675"}],"wp:attachment":[{"href":"http:\/\/www.galoppbilder.se\/blogg\/index.php?rest_route=%2Fwp%2Fv2%2Fmedia&parent=7672"}],"wp:term":[{"taxonomy":"category","embeddable":true,"href":"http:\/\/www.galoppbilder.se\/blogg\/index.php?rest_route=%2Fwp%2Fv2%2Fcategories&post=7672"},{"taxonomy":"post_tag","embeddable":true,"href":"http:\/\/www.galoppbilder.se\/blogg\/index.php?rest_route=%2Fwp%2Fv2%2Ftags&post=7672"}],"curies":[{"name":"wp","href":"https:\/\/api.w.org\/{rel}","templated":true}]}}