{"id":7706,"date":"2018-06-04T12:42:45","date_gmt":"2018-06-04T10:42:45","guid":{"rendered":"http:\/\/www.galoppbilder.se\/blogg\/?p=7706"},"modified":"2018-06-04T13:19:33","modified_gmt":"2018-06-04T11:19:33","slug":"hogsommarvarme-och-missade-tavlingsdagar","status":"publish","type":"post","link":"http:\/\/www.galoppbilder.se\/blogg\/?p=7706","title":{"rendered":"H\u00f6gsommarv\u00e4rme och missade t\u00e4vlingsdagar"},"content":{"rendered":"<p>Nu har vi kommit en bit in p\u00e5 galopps\u00e4songen. Sommaren har sedan n\u00e5gra veckor tillbaka kopplat sitt grepp \u00f6ver hela Sverige och jag misst\u00e4nker att m\u00e5nga \u2013 inte minst personalen som sk\u00f6ter banorna \u2013 b\u00f6rjar \u00f6nska sig lite nederb\u00f6rd. Men regn \u00e4r inget som g\u00e5r att sk\u00e5da n\u00e4r man l\u00e4ser SMHI:s prognos f\u00f6r de n\u00e4rmaste tio dygnen. Det blir med andra ord till att k\u00f6ra bevattningsanl\u00e4ggningarna s\u00e5 mycket det bara g\u00e5r.<\/p>\n<p>N\u00e4rmaste stora arrangemang i galoppsporten \u00e4r Nationaldagsgaloppen nu p\u00e5 onsdag, 6 juni. P\u00e5 m\u00e5nga s\u00e4tt tycker jag att det \u00e4r ett v\u00e4ldigt trevligt arrangemang. Jag var med n\u00e4r vi drog ig\u00e5ng Nationaldagsgaloppen en g\u00e5ng i tiden \u2013 fr\u00e5n id\u00e9stadiet, provridningen fram till premi\u00e4ren 2013. Sedan dess har jag varit p\u00e5 plats alla \u00e5r. Men s\u00e5 kommer det inte att bli den h\u00e4r g\u00e5ngen. Det finns olika anledningar till att jag tackade nej i \u00e5r.<\/p>\n<p>Dels \u00e4r det ofta en ganska strulig arbetsdag. Det g\u00e5r inte m\u00e5nga flyg till Stockholm p\u00e5 nationaldagen och det blir mycket restid i f\u00f6rh\u00e5llande till fakturerade arbetstimmar. Sedan \u00e4r arbetsf\u00f6rh\u00e5llandena p\u00e5 G\u00e4rdet en smula primitiva. De senaste \u00e5ren har jag f\u00f6rs\u00f6kt ladda upp bilder fr\u00e5n en bl\u00e5 container som st\u00e5r p\u00e5 innerplan. Resten har jag f\u00e5tt g\u00f6ra fr\u00e5n en b\u00e4nk p\u00e5 Stockholms Central, p\u00e5 flygterminalen, ja till och med fr\u00e5n flygbussen. Allt f\u00f6r att f\u00e5 ut bilderna s\u00e5 snabbt som m\u00f6jligt.<\/p>\n<p>Vidare \u00e4r ju inte den sportliga niv\u00e5n p\u00e5 Nationaldagsgaloppen mycket att hurra \u00f6ver. Det enda galopparrangemanget jag bevakade p\u00e5 plats i Stockholms-regionen f\u00f6rra \u00e5ret var just G\u00e4rdet. Jag satte exempelvis inte min fot p\u00e5 Bro Park, varken p\u00e5 Stockholms Stora-dagen eller Cup-dagen. F\u00f6r mig som gillar bra galoppsport blir det bara konstigt. Om det ska vara p\u00e5 det viset kan jag ju enkelt st\u00e5 \u00f6ver G\u00e4rdet ocks\u00e5.<\/p>\n<p>Ett arrangemang som jag \u00e4r mer ledsen \u00f6ver att jag missar \u00e4r Svenskt Grand National p\u00e5 Str\u00f6msholm. Bland alla t\u00e4vlingsdagar \u00e4r GN-dagen tvekl\u00f6st en av de trevligaste. I v\u00e5ras var det i princip best\u00e4mt att jag skulle vara p\u00e5 plats som vanligt. Fram till dess att jag uppt\u00e4ckte att G\u00f6teborg Galopp f\u00e5tt en t\u00e4vlingsdag dagen efter Str\u00f6msholm, d v s den 17 juni. Denna dag lades in sent i t\u00e4vlingsplaneringen och fanns inte med i den prelimin\u00e4ra kalendern.<\/p>\n<p>Visst, jag hade kunnat bevaka J\u00e4gersros kv\u00e4llst\u00e4vlingar p\u00e5 torsdagen, k\u00f6ra upp till Str\u00f6msholm p\u00e5 fredagen, bevaka GN-t\u00e4vlingarna p\u00e5 l\u00f6rdagen, k\u00f6ra vidare till G\u00f6teborg p\u00e5 s\u00f6ndagsmorgonen och sedan hem till Sk\u00e5ne p\u00e5 kv\u00e4llen. Liknande, ja till och med v\u00e4rre saker, gjorde jag ofta n\u00e4r jag hade ett st\u00f6rre engagemang i Svensk Galopp. Men nu ser jag ingen anledning l\u00e4ngre. F\u00f6r jag vet att det kostar p\u00e5 och helt \u00e4rligt, det \u00e4r speciellt roligt heller.<\/p>\n<p>Men som avslutning vill jag \u00f6nska ett stort lycka till, b\u00e5de till arrang\u00f6rerna bakom Nationaldagsgaloppen och Svenskt Grand National. I en v\u00e4rld d\u00e4r galoppsporten brottas med vikande publiksiffror \u00e4r det roligt att \u00e5tminstone ett par arrangemang lockar stora skaror.&nbsp;<\/p>\n","protected":false},"excerpt":{"rendered":"<p>Nu har vi kommit en bit in p\u00e5 galopps\u00e4songen. Sommaren har sedan n\u00e5gra veckor tillbaka kopplat sitt grepp \u00f6ver hela Sverige och jag misst\u00e4nker att m\u00e5nga \u2013 inte minst personalen som sk\u00f6ter banorna \u2013 b\u00f6rjar \u00f6nska sig lite nederb\u00f6rd. Men regn \u00e4r inget som g\u00e5r att sk\u00e5da n\u00e4r man l\u00e4ser SMHI:s prognos f\u00f6r de n\u00e4rmaste &hellip; <a href=\"http:\/\/www.galoppbilder.se\/blogg\/?p=7706\" class=\"more-link\">Forts\u00e4tt l\u00e4sa<span class=\"screen-reader-text\"> \u201dH\u00f6gsommarv\u00e4rme och missade t\u00e4vlingsdagar\u201d<\/span><\/a><\/p>\n","protected":false},"author":5,"featured_media":7610,"comment_status":"closed","ping_status":"closed","sticky":false,"template":"","format":"standard","meta":{"ngg_post_thumbnail":0,"footnotes":""},"categories":[1],"tags":[],"class_list":["post-7706","post","type-post","status-publish","format-standard","has-post-thumbnail","hentry","category-diverse"],"aioseo_notices":[],"_links":{"self":[{"href":"http:\/\/www.galoppbilder.se\/blogg\/index.php?rest_route=\/wp\/v2\/posts\/7706","targetHints":{"allow":["GET"]}}],"collection":[{"href":"http:\/\/www.galoppbilder.se\/blogg\/index.php?rest_route=\/wp\/v2\/posts"}],"about":[{"href":"http:\/\/www.galoppbilder.se\/blogg\/index.php?rest_route=\/wp\/v2\/types\/post"}],"author":[{"embeddable":true,"href":"http:\/\/www.galoppbilder.se\/blogg\/index.php?rest_route=\/wp\/v2\/users\/5"}],"replies":[{"embeddable":true,"href":"http:\/\/www.galoppbilder.se\/blogg\/index.php?rest_route=%2Fwp%2Fv2%2Fcomments&post=7706"}],"version-history":[{"count":2,"href":"http:\/\/www.galoppbilder.se\/blogg\/index.php?rest_route=\/wp\/v2\/posts\/7706\/revisions"}],"predecessor-version":[{"id":7708,"href":"http:\/\/www.galoppbilder.se\/blogg\/index.php?rest_route=\/wp\/v2\/posts\/7706\/revisions\/7708"}],"wp:featuredmedia":[{"embeddable":true,"href":"http:\/\/www.galoppbilder.se\/blogg\/index.php?rest_route=\/wp\/v2\/media\/7610"}],"wp:attachment":[{"href":"http:\/\/www.galoppbilder.se\/blogg\/index.php?rest_route=%2Fwp%2Fv2%2Fmedia&parent=7706"}],"wp:term":[{"taxonomy":"category","embeddable":true,"href":"http:\/\/www.galoppbilder.se\/blogg\/index.php?rest_route=%2Fwp%2Fv2%2Fcategories&post=7706"},{"taxonomy":"post_tag","embeddable":true,"href":"http:\/\/www.galoppbilder.se\/blogg\/index.php?rest_route=%2Fwp%2Fv2%2Ftags&post=7706"}],"curies":[{"name":"wp","href":"https:\/\/api.w.org\/{rel}","templated":true}]}}